{"id":5337,"date":"2020-04-28T13:25:58","date_gmt":"2020-04-28T11:25:58","guid":{"rendered":"https:\/\/www.segula.de\/avec-lesprit-dequipe-contre-le-corona\/"},"modified":"2020-04-28T13:25:58","modified_gmt":"2020-04-28T11:25:58","slug":"avec-lesprit-dequipe-contre-le-corona","status":"publish","type":"post","link":"https:\/\/www.segula.de\/fr\/avec-lesprit-dequipe-contre-le-corona\/","title":{"rendered":"Avec l&rsquo;esprit d&rsquo;\u00e9quipe contre le Corona"},"content":{"rendered":"<h2><strong>Chers clients, coll\u00e8gues, amis et visiteurs ! <\/strong><\/h2>\n<p>&nbsp;<\/p>\n<p>Tout le monde le comprend, tout le monde le ressent. Certains plus fort que d\u2019autres. Cette crise du virus Corona nous touche tous. Chacun d&rsquo;entre nous. Que ce soit la m\u00e8re c\u00e9libataire qui ne peut plus aller travailler ou le p\u00e8re de famille qui DOIT aller travailler. Que ce soit la grand-m\u00e8re d&rsquo;\u00e0 c\u00f4t\u00e9 qui est en danger ou le restaurateur qui ne sait pas comment continuer.<\/p>\n<p>L&rsquo;incertitude et la peur se font sentir \u00e0 tous les coins de rue, qu&rsquo;il s&rsquo;agisse des achats en masse de papier toilette et de farine ou des r\u00e9actions \u00e0 court terme dans les transports publics.<\/p>\n<p>Les mesures qui ont \u00e9t\u00e9 prises et qui sont mises en \u0153uvre par le gouvernement sont le seul moyen de ralentir cette pand\u00e9mie. Nous pouvons faire en sorte que les cha\u00eenes d&rsquo;infection soient stopp\u00e9es pour nous prot\u00e9ger ainsi que nos proches. Pour ce faire, nous devons nous limiter. Et nous devons le faire massivement !<\/p>\n<p>Il est dommage que tout le monde n&rsquo;ait pas encore compris. Il est dommage qu&rsquo;il y ait encore des gens qui ne suivent pas les r\u00e8gles par pur \u00e9go\u00efsme. Il est \u00e9galement dommage qu&rsquo;il faille imposer d&rsquo;autres restrictions, car sinon cela ne fonctionne pas.<\/p>\n<p><img loading=\"lazy\" decoding=\"async\" class=\"aligncenter size-full wp-image-4400\" src=\"https:\/\/www.segula.de\/wp-content\/uploads\/2020\/03\/Quad-Coronaheroes.jpg\" alt=\"Corona, Coronavirus, Covid-19, Segula\" width=\"1000\" height=\"1000\" srcset=\"https:\/\/www.segula.de\/wp-content\/uploads\/2020\/03\/Quad-Coronaheroes.jpg 1000w, https:\/\/www.segula.de\/wp-content\/uploads\/2020\/03\/Quad-Coronaheroes-300x300.jpg 300w, https:\/\/www.segula.de\/wp-content\/uploads\/2020\/03\/Quad-Coronaheroes-150x150.jpg 150w, https:\/\/www.segula.de\/wp-content\/uploads\/2020\/03\/Quad-Coronaheroes-768x768.jpg 768w\" sizes=\"(max-width: 1000px) 100vw, 1000px\" \/><\/p>\n<p>Au si\u00e8ge de SEGULA, nous sommes une petite \u00e9quipe. Chez nous, m\u00eame en temps normal, tout le monde est d\u00e9pendant des autres. Et en ce moment, nous devons faire encore plus attention les uns aux autres. Nous le faisons. Les coll\u00e8gues qui ont des enfants sont lib\u00e9r\u00e9s pour le moment et t\u00e9l\u00e9-travaillent du mieux qu&rsquo;ils peuvent. Il n&rsquo;y a que deux personnes sur place \u00e0 tout moment, en alternance le matin et l&rsquo;apr\u00e8s-midi, afin d&rsquo;assurer l&rsquo;approvisionnement de nos clients malgr\u00e9 tout. Le reste des employ\u00e9s travaillent \u00e0 100% \u00e0 domicile ! La communication fonctionne parfaitement par t\u00e9l\u00e9phone, courrier, chat vid\u00e9o et autres canaux. ET \u00c7A MARCHE ! Chacun apporte la contribution qu&rsquo;il peut apporter. Gr\u00e2ce \u00e0 l&rsquo;esprit d&rsquo;\u00e9quipe et \u00e0 la solidarit\u00e9, nous ne vous laissons pas dans l&rsquo;ignorance, ni les uns ni les autres. R\u00e9ellement !<\/p>\n<p>Nous pensons aussi \u00e0 ceux qui ne peuvent pas rester \u00e0 la maison. Ceux qui travaillent pour nous et qui nous d\u00e9fendent. Nous tenons \u00e0 remercier tous les m\u00e9decins, les infirmi\u00e8res, les soignants, les aides, le personnel des supermarch\u00e9s et des pharmacies. Et \u00e0 tous ceux que nous avons maintenant oubli\u00e9s ! Parce qu&rsquo;ils sont les h\u00e9ros de ces temps difficiles !<\/p>\n<p>Et nous nous adressons \u00e9galement \u00e0 vous, chers coll\u00e8gues et clients. Nous savons que c&rsquo;est difficile. Nous savons que le pr\u00e9judice financier est difficilement pr\u00e9visible. Nous savons que de nombreuses personnes ont un besoin urgent d&rsquo;aide, de subventions et d&rsquo;injections financi\u00e8res ! Nous savons aussi que certains doivent se battre pour survivre et que d&rsquo;autres n&rsquo;y arriveront pas. Mais nous savons aussi que la lutte pour l&rsquo;argent se fait au prix de vies humaines et de la sant\u00e9 de beaucoup ! Cela vaut tant pour les entreprises que pour la vie priv\u00e9e. Tant que nous ne nous rassemblerons en respectant la distanciation sociale, cela ne fonctionnera pas. Le repr\u00e9sentant commercial doit-il vraiment rendre visite aux clients ? Ne peut-il pas le faire par vid\u00e9ot\u00e9l\u00e9phonie ? La r\u00e9union ne peut-elle pas attendre ? Le d\u00eener d&rsquo;affaires ne peut-il pas \u00eatre report\u00e9 ? De nos jours, nous avons des possibilit\u00e9s presque illimit\u00e9es pour entretenir notre r\u00e9seau social et professionnel, et nous devrions les utiliser !<\/p>\n<p><img loading=\"lazy\" decoding=\"async\" class=\"aligncenter size-full wp-image-4396\" src=\"https:\/\/www.segula.de\/wp-content\/uploads\/2020\/03\/Corona-Candle.jpg\" alt=\"fight corona, coronavirus, covid-19, Kampf corona, solidarity\" width=\"1000\" height=\"1000\" srcset=\"https:\/\/www.segula.de\/wp-content\/uploads\/2020\/03\/Corona-Candle.jpg 1000w, https:\/\/www.segula.de\/wp-content\/uploads\/2020\/03\/Corona-Candle-300x300.jpg 300w, https:\/\/www.segula.de\/wp-content\/uploads\/2020\/03\/Corona-Candle-150x150.jpg 150w, https:\/\/www.segula.de\/wp-content\/uploads\/2020\/03\/Corona-Candle-768x768.jpg 768w\" sizes=\"(max-width: 1000px) 100vw, 1000px\" \/><\/p>\n<p>Dans cet esprit, nous vous invitons \u00e0 prendre soin de vous afin de voir le bout du tunnel et de vaincre le #corona !<\/p>\n<p>#stayathome #stayhealthy #coronahreoes<\/p>\n<p>&nbsp;<\/p>\n","protected":false},"excerpt":{"rendered":"<p>Chers clients, coll&egrave;gues, amis et visiteurs ! &nbsp; Tout le monde le comprend, tout le monde le ressent. Certains plus fort que d&rsquo;autres. Cette crise du virus Corona nous touche tous. Chacun d&rsquo;entre nous. Que ce soit la m&egrave;re c&eacute;libataire qui ne peut plus aller travailler ou le p&egrave;re de famille qui DOIT aller travailler. [&hellip;]<\/p>\n","protected":false},"author":2,"featured_media":4394,"comment_status":"open","ping_status":"open","sticky":false,"template":"","format":"standard","meta":{"footnotes":""},"categories":[1221,1242],"tags":[1348,1350,1349,1346,1347],"yst_prominent_words":[],"class_list":["post-5337","post","type-post","status-publish","format-standard","has-post-thumbnail","hentry","category-informations-generales","category-lactualite-des-entreprises-chez-segula","tag-corona-fr","tag-coronavirus-fr","tag-covid-19-fr","tag-segula-interne","tag-segula-led-fr"],"_links":{"self":[{"href":"https:\/\/www.segula.de\/fr\/wp-json\/wp\/v2\/posts\/5337","targetHints":{"allow":["GET"]}}],"collection":[{"href":"https:\/\/www.segula.de\/fr\/wp-json\/wp\/v2\/posts"}],"about":[{"href":"https:\/\/www.segula.de\/fr\/wp-json\/wp\/v2\/types\/post"}],"author":[{"embeddable":true,"href":"https:\/\/www.segula.de\/fr\/wp-json\/wp\/v2\/users\/2"}],"replies":[{"embeddable":true,"href":"https:\/\/www.segula.de\/fr\/wp-json\/wp\/v2\/comments?post=5337"}],"version-history":[{"count":0,"href":"https:\/\/www.segula.de\/fr\/wp-json\/wp\/v2\/posts\/5337\/revisions"}],"wp:featuredmedia":[{"embeddable":true,"href":"https:\/\/www.segula.de\/fr\/wp-json\/wp\/v2\/media\/4394"}],"wp:attachment":[{"href":"https:\/\/www.segula.de\/fr\/wp-json\/wp\/v2\/media?parent=5337"}],"wp:term":[{"taxonomy":"category","embeddable":true,"href":"https:\/\/www.segula.de\/fr\/wp-json\/wp\/v2\/categories?post=5337"},{"taxonomy":"post_tag","embeddable":true,"href":"https:\/\/www.segula.de\/fr\/wp-json\/wp\/v2\/tags?post=5337"},{"taxonomy":"yst_prominent_words","embeddable":true,"href":"https:\/\/www.segula.de\/fr\/wp-json\/wp\/v2\/yst_prominent_words?post=5337"}],"curies":[{"name":"wp","href":"https:\/\/api.w.org\/{rel}","templated":true}]}}