{"id":5349,"date":"2020-04-28T15:01:13","date_gmt":"2020-04-28T13:01:13","guid":{"rendered":"https:\/\/www.segula.de\/hcl-human-centric-lighting\/"},"modified":"2022-01-10T11:10:44","modified_gmt":"2022-01-10T10:10:44","slug":"hcl-human-centric-lighting","status":"publish","type":"post","link":"https:\/\/www.segula.de\/fr\/hcl-human-centric-lighting\/","title":{"rendered":"HCL &#8211; Human Centric Lighting"},"content":{"rendered":"<h2>\u00c9CLAIRAGE CENTR\u00c9 SUR L&rsquo;HOMME<\/h2>\n<p>Qu&rsquo;est-ce que cela signifie ? C\u2019est tr\u00e8s simple : l&rsquo;\u00eatre humain est au centre d&rsquo;un concept d&rsquo;\u00e9clairage. Au d\u00e9but du XXIe si\u00e8cle, les chercheurs ont d\u00e9couvert un troisi\u00e8me photor\u00e9cepteur dans l&rsquo;\u0153il humain, qui n&rsquo;a rien \u00e0 voir avec la capacit\u00e9 visuelle r\u00e9elle. En fait, il r\u00e9gule notre horloge interne, contr\u00f4le le rythme jour-nuit et influence notre bien-\u00eatre.<\/p>\n<p>&nbsp;<\/p>\n<h3>DE NOUVELLES EXIGENCES POUR L&rsquo;\u00c9CLAIRAGE ARTIFICIEL<\/h3>\n<p>Avec cette d\u00e9couverte, il est devenu \u00e9vident que l&rsquo;\u00e9clairage artificiel doit r\u00e9pondre \u00e0 beaucoup plus d&rsquo;exigences que la simple fourniture de lumi\u00e8re. Quel que soit le secteur. L&rsquo;\u00e9clairage sur le lieu de travail, par exemple, doit motiver et favoriser la concentration. \u00c0 la maison, en revanche, il doit \u00eatre agr\u00e9able et cosy \u00e0 la fin de la journ\u00e9e de travail.<\/p>\n<p>Les effets biologiques de la lumi\u00e8re ne peuvent \u00eatre ignor\u00e9s et sont donc de plus en plus pris en compte dans l\u2019\u00e9tude des concepts d&rsquo;\u00e9clairage.<\/p>\n<p>&nbsp;<\/p>\n<p><img loading=\"lazy\" decoding=\"async\" class=\"aligncenter size-full wp-image-5101\" src=\"https:\/\/www.segula.de\/wp-content\/uploads\/2020\/04\/Licht-innen.jpg\" alt=\"HCL, Human Centric Lighting, Beleuchtung, Biorhythmus, Lichtplanung, Beleuchtungskonzept, Lichtkonzept\" width=\"900\" height=\"500\" srcset=\"https:\/\/www.segula.de\/wp-content\/uploads\/2020\/04\/Licht-innen.jpg 900w, https:\/\/www.segula.de\/wp-content\/uploads\/2020\/04\/Licht-innen-300x167.jpg 300w, https:\/\/www.segula.de\/wp-content\/uploads\/2020\/04\/Licht-innen-768x427.jpg 768w\" sizes=\"(max-width: 900px) 100vw, 900px\" \/><\/p>\n<p>&nbsp;<\/p>\n<h3>LE RYTHME NATUREL AVEC HCL<\/h3>\n<p>HCL transf\u00e8re habilement l&rsquo;interaction naturelle de la lumi\u00e8re du jour, du cr\u00e9puscule et de la nuit aux int\u00e9rieurs et utilise ainsi l&rsquo;effet biologique des diff\u00e9rentes ambiances lumineuses. Les biologistes, les psychologues, les architectes et les concepteurs d&rsquo;\u00e9clairage travaillent maintenant souvent main dans la main.<\/p>\n<p>La vie est r\u00e9gul\u00e9e par le temps et l&rsquo;espace. 365 jours, 24 heures sur 24, le jour, la nuit, les saisons dans diff\u00e9rents endroits &#8211; tout a un rythme et une dynamique. Au fil du temps, l&rsquo;homme s&rsquo;est habitu\u00e9 \u00e0 ce rythme naturel et le corps s&rsquo;y est adapt\u00e9. Avec le HCL &#8211; Lighting Design nous reproduisons ce processus biologique. \u00a0Encore mieux : nous pouvons m\u00eame changer les mauvaises habitudes, nous pouvons adapter les pi\u00e8ces avec peu ou pas de lumi\u00e8re du jour \u00e0 ce rythme et avec l&rsquo;\u00e9clairage artificiel et dynamique nous pouvons influencer positivement notre vie. La lumi\u00e8re dynamique apporte plus de qualit\u00e9 de vie, de performance et de bien-\u00eatre.<\/p>\n<p>&nbsp;<\/p>\n<p>&nbsp;<\/p>\n<figure id=\"attachment_5105\" aria-describedby=\"caption-attachment-5105\" style=\"width: 900px\" class=\"wp-caption aligncenter\"><img loading=\"lazy\" decoding=\"async\" class=\"wp-image-5105 size-full\" src=\"https:\/\/www.segula.de\/wp-content\/uploads\/2020\/04\/Biorhythmus.jpg\" alt=\"HCL, Human Centric Lighting, \u00e9clairage, biorythme, conception d'\u00e9clairage, concept d'\u00e9clairage, concept d'\u00e9clairage\" width=\"900\" height=\"500\" srcset=\"https:\/\/www.segula.de\/wp-content\/uploads\/2020\/04\/Biorhythmus.jpg 900w, https:\/\/www.segula.de\/wp-content\/uploads\/2020\/04\/Biorhythmus-300x167.jpg 300w, https:\/\/www.segula.de\/wp-content\/uploads\/2020\/04\/Biorhythmus-768x427.jpg 768w\" sizes=\"(max-width: 900px) 100vw, 900px\" \/><figcaption id=\"caption-attachment-5105\" class=\"wp-caption-text\">Le biorythme humain<\/figcaption><\/figure>\n<p>&nbsp;<\/p>\n<h3>HCL ET FACTEUR DE SANT\u00c9<\/h3>\n<p>Un \u00e9clairage ad\u00e9quat joue \u00e9galement un r\u00f4le dans le secteur des soins de sant\u00e9. La luminoth\u00e9rapie est utilis\u00e9e pour traiter la d\u00e9pression et les sympt\u00f4mes de fatigue, entre autres. La lumi\u00e8re dynamique aide \u00e0 r\u00e9tablir le bio-rythme humain et \u00e0 maintenir le bon fonctionnement de l&rsquo;horloge interne. Nous pouvons \u00e0 nouveau mieux dormir, nous sommes plus en forme le matin et plus concentr\u00e9s au travail. Les h\u00f4pitaux et les maisons de retraite travaillent d\u00e9j\u00e0 avec les concepts de lumi\u00e8re HCL.<\/p>\n<p>&nbsp;<\/p>\n<p>&nbsp;<\/p>\n<p><strong>TR\u00c8S COURT :<\/strong><\/p>\n<p><strong>Le matin<\/strong> : Lever du soleil &#8211; il fait clair, le corps produit des hormones pour se r\u00e9veiller et se mettre en forme<\/p>\n<p><strong>Midi<\/strong> : La lumi\u00e8re du jour, avec une forte composante bleue et une luminosit\u00e9 \u00e9lev\u00e9e, nous maintient \u00e9veill\u00e9s et concentr\u00e9s<\/p>\n<p><strong>Le soir<\/strong> : La lumi\u00e8re chaleureuse d\u2019un coucher de soleil d\u00e9noue notre corps de toutes ses tensions, nous d\u00e9tend et nous rend pr\u00eat le sommeil&#8230;<\/p>\n<p>&nbsp;<\/p>\n<p>&nbsp;<\/p>\n<p><img loading=\"lazy\" decoding=\"async\" class=\"aligncenter size-full wp-image-5109\" src=\"https:\/\/www.segula.de\/wp-content\/uploads\/2020\/04\/B\u00fcro-warmlict.jpg\" alt=\"HCL, Human Centric Lighting, Beleuchtung, Biorhythmus, Lichtplanung, Beleuchtungskonzept, Lichtkonzept\" width=\"900\" height=\"500\" srcset=\"https:\/\/www.segula.de\/wp-content\/uploads\/2020\/04\/B\u00fcro-warmlict.jpg 900w, https:\/\/www.segula.de\/wp-content\/uploads\/2020\/04\/B\u00fcro-warmlict-300x167.jpg 300w, https:\/\/www.segula.de\/wp-content\/uploads\/2020\/04\/B\u00fcro-warmlict-768x427.jpg 768w\" sizes=\"(max-width: 900px) 100vw, 900px\" \/><\/p>\n<p>&nbsp;<\/p>\n<h3>CONCEPT D&rsquo;\u00c9CLAIRAGE CENTR\u00c9 SUR L&rsquo;HOMME<\/h3>\n<p>Ainsi, les concepts d&rsquo;\u00e9clairage HCL utilisent des luminaires et des lampes de diff\u00e9rentes intensit\u00e9s lumineuses et temp\u00e9ratures de couleur qui simulent le rythme naturel \u00e0 diff\u00e9rents moments de la journ\u00e9e. Les facteurs d\u00e9cisifs sont les conditions qui sont simul\u00e9es par la lumi\u00e8re du jour :<\/p>\n<ol>\n<li><strong>l&rsquo;\u00e9clairement<\/strong><\/li>\n<li><strong>la direction de la lumi\u00e8re<\/strong><\/li>\n<li><strong>la temp\u00e9rature de la couleur<\/strong><\/li>\n<\/ol>\n<p>sont trois parmi tant d&rsquo;autres. Il est possible de mettre en place des syst\u00e8mes intelligents de contr\u00f4le de l&rsquo;\u00e9clairage, qui r\u00e9gulent automatiquement le processus de mani\u00e8re ind\u00e9pendante en fonction de l&rsquo;\u00e9poque de l&rsquo;ann\u00e9e, du jour et de l&rsquo;heure. Bien entendu, il est \u00e9galement possible de le contr\u00f4ler manuellement. Il est certain que les syst\u00e8mes \u00e0 variation continue et \u00e0 gradation qui n&rsquo;attirent m\u00eame pas l&rsquo;attention sont les meilleurs.<\/p>\n<h1><\/h1>\n<h3>DOMAINES D&rsquo;APPLICATION DU HCL<\/h3>\n<p>3 applications utiles pour les concepts HCL dans lesquels des effets prouv\u00e9s sont obtenus :<\/p>\n<ol>\n<li>bureau \/ lieu de travail<\/li>\n<li>\u00e9cole \/ \u00e9tablissement scolaire<\/li>\n<li>domicile<\/li>\n<\/ol>\n<p>&nbsp;<\/p>\n<h4>L&rsquo;\u00c9CLAIRAGE CENTR\u00c9 SUR L&rsquo;HOMME DANS LE BUREAU<\/h4>\n<p>L&rsquo;\u00e9clairage dynamique selon le principe HCL est extr\u00eamement utile, surtout sur les lieux de travail o\u00f9 la lumi\u00e8re du jour est faible. Il ne faut pas seulement tenir compte de l&rsquo;intensit\u00e9 lumineuse, mais aussi de la direction de la lumi\u00e8re et de la temp\u00e9rature de couleur. Une lumi\u00e8re matinale stimulante et directe au d\u00e9but du travail, une lumi\u00e8re du jour et quelque peu diffuse pour contrecarrer l&rsquo;accalmie de la mi-journ\u00e9e, qui s&rsquo;estompe lentement pour laisser place \u00e0 des couleurs plus chaudes vers la fin de la journ\u00e9e.<\/p>\n<p>Diverses entreprises confirment une augmentation des performances et de la productivit\u00e9 de leurs employ\u00e9s, qui d\u00e9passe les co\u00fbts suppl\u00e9mentaires pour un concept HCL. L&rsquo;humeur g\u00e9n\u00e9rale et le bien-\u00eatre g\u00e9n\u00e9ral des employ\u00e9s auraient \u00e9galement eu un effet positif.<\/p>\n<p>&nbsp;<\/p>\n<p>&nbsp;<\/p>\n<p>&nbsp;<\/p>\n<p><img loading=\"lazy\" decoding=\"async\" class=\"aligncenter size-full wp-image-5113\" src=\"https:\/\/www.segula.de\/wp-content\/uploads\/2020\/04\/B\u00fcro_Tageslicht.jpg\" alt=\"HCL, Human Centric Lighting, Beleuchtung, Biorhythmus, Lichtplanung, Beleuchtungskonzept, Lichtkonzept\" width=\"900\" height=\"500\" srcset=\"https:\/\/www.segula.de\/wp-content\/uploads\/2020\/04\/B\u00fcro_Tageslicht.jpg 900w, https:\/\/www.segula.de\/wp-content\/uploads\/2020\/04\/B\u00fcro_Tageslicht-300x167.jpg 300w, https:\/\/www.segula.de\/wp-content\/uploads\/2020\/04\/B\u00fcro_Tageslicht-768x427.jpg 768w\" sizes=\"(max-width: 900px) 100vw, 900px\" \/><\/p>\n<p>&nbsp;<\/p>\n<h4>LES HCL DANS LES \u00c9COLES<\/h4>\n<p>Les enseignants et les conf\u00e9renciers peuvent s\u00e9lectionner la sc\u00e8ne d&rsquo;\u00e9clairage qui convient le mieux \u00e0 leurs besoins en appuyant sur une commande.<\/p>\n<ul>\n<li>Lumi\u00e8re blanche froide et relativement directe pour l&rsquo;activation et le r\u00e9veil le matin pour la premi\u00e8re le\u00e7on<\/li>\n<li>Lumi\u00e8re naturelle et non directionnelle du jour pour un travail concentr\u00e9 et pendant les examens et les tests<\/li>\n<li>Une lumi\u00e8re blanche chaude pour calmer les humeurs chaudes et les \u00e9tudiants plein d\u2019\u00e9nergie apr\u00e8s des heures de travail ou des examens difficiles<\/li>\n<\/ul>\n<p>Certaines \u00e9tudes ont \u00e9galement montr\u00e9 des am\u00e9liorations \u00e9tonnantes des performances dans ce domaine gr\u00e2ce \u00e0 l&rsquo;\u00e9clairage dynamique des salles de classe. Non seulement la diminution des taux d&rsquo;erreur, mais aussi des effets g\u00e9n\u00e9raux tels que des enfants sociables et \u00e9quilibr\u00e9s.<\/p>\n<p>&nbsp;<\/p>\n<p><img loading=\"lazy\" decoding=\"async\" class=\"aligncenter size-full wp-image-5117\" src=\"https:\/\/www.segula.de\/wp-content\/uploads\/2020\/04\/Schule-Warm-Kalt.jpg\" alt=\"HCL, Human Centric Lighting, Beleuchtung, Biorhythmus, Lichtplanung, Beleuchtungskonzept, Lichtkonzept\" width=\"900\" height=\"500\" srcset=\"https:\/\/www.segula.de\/wp-content\/uploads\/2020\/04\/Schule-Warm-Kalt.jpg 900w, https:\/\/www.segula.de\/wp-content\/uploads\/2020\/04\/Schule-Warm-Kalt-300x167.jpg 300w, https:\/\/www.segula.de\/wp-content\/uploads\/2020\/04\/Schule-Warm-Kalt-768x427.jpg 768w\" sizes=\"(max-width: 900px) 100vw, 900px\" \/><\/p>\n<p>&nbsp;<\/p>\n<h4>L&rsquo;\u00c9CLAIRAGE DYNAMIQUE \u00c0 LA MAISON<\/h4>\n<p>Tous ces r\u00e9sultats peuvent bien s\u00fbr \u00eatre appliqu\u00e9s au domicile priv\u00e9. Pour cela, nous avons besoin de diff\u00e9rentes sources de lumi\u00e8re, qui sont utilis\u00e9es \u00e0 diff\u00e9rents moments de la journ\u00e9e. Les r\u00e9veils de jour, qui utilisent un lever de soleil simul\u00e9 pour faire fonctionner l&rsquo;\u00e9quilibre hormonal du corps est une bonne id\u00e9e. Des lampes de grande surface avec une lumi\u00e8re du jour de couleur blanche pour les pi\u00e8ces avec peu ou pas de lumi\u00e8re naturelle. Pour favoriser la d\u00e9tente le soir ou dans la chambre \u00e0 coucher, les lampes \u00e0 gradation de couleur de lumi\u00e8re chaude sont id\u00e9ales.<\/p>\n<p>Ainsi, nous pouvons \u00e0 tout moment adapter l&rsquo;ambiance lumineuse \u00e0 notre rythme biologique \u00e0 la maison et faire ainsi quelque chose de bien pour notre sant\u00e9 et notre bien-\u00eatre.<\/p>\n<p>&nbsp;<\/p>\n<p>&nbsp;<\/p>\n<p><img loading=\"lazy\" decoding=\"async\" class=\"aligncenter size-full wp-image-5121\" src=\"https:\/\/www.segula.de\/wp-content\/uploads\/2020\/04\/zu-Hause.jpg\" alt=\"HCL, Human Centric Lighting, Beleuchtung, Biorhythmus, Lichtplanung, Beleuchtungskonzept, Lichtkonzept\" width=\"900\" height=\"500\" srcset=\"https:\/\/www.segula.de\/wp-content\/uploads\/2020\/04\/zu-Hause.jpg 900w, https:\/\/www.segula.de\/wp-content\/uploads\/2020\/04\/zu-Hause-300x167.jpg 300w, https:\/\/www.segula.de\/wp-content\/uploads\/2020\/04\/zu-Hause-768x427.jpg 768w\" sizes=\"(max-width: 900px) 100vw, 900px\" \/><\/p>\n<p>&nbsp;<\/p>\n<p>&nbsp;<\/p>\n<p>Mit den<strong> LED Leuchtmitteln von SEGULA<\/strong> k\u00f6nnen wir f\u00fcr viele Anwendungsbereiche eine gute Lichtl\u00f6sung anbieten!<\/p>\n<p>BSP:<\/p>\n<figure id=\"attachment_5044\" aria-describedby=\"caption-attachment-5044\" style=\"width: 900px\" class=\"wp-caption aligncenter\"><img loading=\"lazy\" decoding=\"async\" class=\"wp-image-5044 size-full\" src=\"https:\/\/www.segula.de\/wp-content\/uploads\/2020\/04\/Warm-Kalt-SEGULA.jpg\" alt=\"blanc froid, blanc chaud, couleur de la lumi\u00e8re LED, illuminant LED, application illuminant LED, le biorythme humain, biorythme, temp\u00e9rature de la couleur LED\" width=\"900\" height=\"500\" srcset=\"https:\/\/www.segula.de\/wp-content\/uploads\/2020\/04\/Warm-Kalt-SEGULA.jpg 900w, https:\/\/www.segula.de\/wp-content\/uploads\/2020\/04\/Warm-Kalt-SEGULA-300x167.jpg 300w, https:\/\/www.segula.de\/wp-content\/uploads\/2020\/04\/Warm-Kalt-SEGULA-768x427.jpg 768w\" sizes=\"(max-width: 900px) 100vw, 900px\" \/><figcaption id=\"caption-attachment-5044\" class=\"wp-caption-text\">Kalt-Wei\u00df anregende und leistungssteigernde Lichtfarbe im Gegensatz zum gem\u00fctlichen warm-wei\u00df zum Ausruhen der Sinne!<\/figcaption><\/figure>\n<p>&nbsp;<\/p>\n<p>Un beau tube de la Bright Line de SEGULA &#8211; avec une temp\u00e9rature de couleur de 4200 kelvins et une efficacit\u00e9 lumineuse \u00e9lev\u00e9e de 4250 lumens. En contraste, par exemple pour les heures de d\u00e9tente sur le canap\u00e9, un Rustika dor\u00e9 avec une couleur blanc chaud de 2000 Kelvin et un caract\u00e8re vintage. Nous trouvons ainsi la solution id\u00e9ale pour chaque pi\u00e8ce !<\/p>\n<p>Un autre point fort est la SEGULA Ambient Line. Diff\u00e9rentes couleurs de lumi\u00e8re dans UNE seule ampoule LED avec la technologie Ambient Dimming ! Avec les ampoules enti\u00e8rement gradables, il est m\u00eame possible de changer la couleur de la lumi\u00e8re pendant la gradation. La bonne ambiance pour chaque exigence. Dans la vid\u00e9o : La lampe LED Ambient Dimming \u00ab\u00a0Trumpet\u00a0\u00bb aux formes \u00e9l\u00e9gantes, qui ne fait pas seulement bonne figure lorsqu&rsquo;elle est \u00e9clair\u00e9e ! Ainsi, la planification de l&rsquo;\u00e9clairage \u00e0 la maison est \u00e9galement r\u00e9ussie.<\/p>\n<div class=\"wp-playlist wp-video-playlist wp-playlist-light\">\n\t\t<video controls=\"controls\" preload=\"none\" width=\"640\"\n\t\t height=\"360\"\t><\/video>\n\t<div class=\"wp-playlist-next\"><\/div>\n\t<div class=\"wp-playlist-prev\"><\/div>\n\t<noscript>\n\t<ol>\n\t\t<li><a href='https:\/\/www.segula.de\/wp-content\/uploads\/2019\/12\/50302_Ambient.mp4'>50302_Ambient<\/a><\/li><li><a href='https:\/\/www.segula.de\/wp-content\/uploads\/2022\/01\/55248-Ambient-Bulb-clear.mp4'>55248 - Ambient - Bulb clear<\/a><\/li>\t<\/ol>\n\t<\/noscript>\n\t<script type=\"application\/json\" class=\"wp-playlist-script\">{\"type\":\"video\",\"tracklist\":true,\"tracknumbers\":true,\"images\":true,\"artists\":true,\"tracks\":[{\"src\":\"https:\/\/www.segula.de\/wp-content\/uploads\/2019\/12\/50302_Ambient.mp4\",\"type\":\"video\/mp4\",\"title\":\"50302_Ambient\",\"caption\":\"\",\"description\":\"\",\"meta\":{\"length_formatted\":\"0:19\"},\"dimensions\":{\"original\":{\"width\":1280,\"height\":720},\"resized\":{\"width\":640,\"height\":360}},\"image\":{\"src\":\"https:\/\/www.segula.de\/wp-includes\/images\/media\/video.svg\",\"width\":48,\"height\":64},\"thumb\":{\"src\":\"https:\/\/www.segula.de\/wp-includes\/images\/media\/video.svg\",\"width\":48,\"height\":64}},{\"src\":\"https:\/\/www.segula.de\/wp-content\/uploads\/2022\/01\/55248-Ambient-Bulb-clear.mp4\",\"type\":\"video\/mp4\",\"title\":\"55248 - Ambient - Bulb clear\",\"caption\":\"\",\"description\":\"\",\"meta\":{\"length_formatted\":\"0:50\"},\"dimensions\":{\"original\":{\"width\":1280,\"height\":720},\"resized\":{\"width\":640,\"height\":360}},\"image\":{\"src\":\"https:\/\/www.segula.de\/wp-includes\/images\/media\/video.svg\",\"width\":48,\"height\":64},\"thumb\":{\"src\":\"https:\/\/www.segula.de\/wp-includes\/images\/media\/video.svg\",\"width\":48,\"height\":64}}]}<\/script>\n<\/div>\n\t\n<p>&nbsp;<\/p>\n","protected":false},"excerpt":{"rendered":"<p>&Eacute;CLAIRAGE CENTR&Eacute; SUR L&rsquo;HOMME Qu&rsquo;est-ce que cela signifie ? C&rsquo;est tr&egrave;s simple : l&rsquo;&ecirc;tre humain est au centre d&rsquo;un concept d&rsquo;&eacute;clairage. Au d&eacute;but du XXIe si&egrave;cle, les chercheurs ont d&eacute;couvert un troisi&egrave;me photor&eacute;cepteur dans l&rsquo;&oelig;il humain, qui n&rsquo;a rien &agrave; voir avec la capacit&eacute; visuelle r&eacute;elle. En fait, il r&eacute;gule notre horloge interne, contr&ocirc;le le [&hellip;]<\/p>\n","protected":false},"author":2,"featured_media":5097,"comment_status":"open","ping_status":"open","sticky":false,"template":"","format":"standard","meta":{"footnotes":""},"categories":[1351,1221,1203],"tags":[1225,1223,1200,1355,1347,1226],"yst_prominent_words":[],"class_list":["post-5349","post","type-post","status-publish","format-standard","has-post-thumbnail","hentry","category-conseils-et-astuces-sur-le-led-et-le-design","category-informations-generales","category-technologie-led","tag-connaissance-du-led","tag-eclairage-led-fr","tag-eclairage-led","tag-le-biorythme-humain","tag-segula-led-fr","tag-temperature-de-couleur"],"_links":{"self":[{"href":"https:\/\/www.segula.de\/fr\/wp-json\/wp\/v2\/posts\/5349","targetHints":{"allow":["GET"]}}],"collection":[{"href":"https:\/\/www.segula.de\/fr\/wp-json\/wp\/v2\/posts"}],"about":[{"href":"https:\/\/www.segula.de\/fr\/wp-json\/wp\/v2\/types\/post"}],"author":[{"embeddable":true,"href":"https:\/\/www.segula.de\/fr\/wp-json\/wp\/v2\/users\/2"}],"replies":[{"embeddable":true,"href":"https:\/\/www.segula.de\/fr\/wp-json\/wp\/v2\/comments?post=5349"}],"version-history":[{"count":1,"href":"https:\/\/www.segula.de\/fr\/wp-json\/wp\/v2\/posts\/5349\/revisions"}],"predecessor-version":[{"id":9437,"href":"https:\/\/www.segula.de\/fr\/wp-json\/wp\/v2\/posts\/5349\/revisions\/9437"}],"wp:featuredmedia":[{"embeddable":true,"href":"https:\/\/www.segula.de\/fr\/wp-json\/wp\/v2\/media\/5097"}],"wp:attachment":[{"href":"https:\/\/www.segula.de\/fr\/wp-json\/wp\/v2\/media?parent=5349"}],"wp:term":[{"taxonomy":"category","embeddable":true,"href":"https:\/\/www.segula.de\/fr\/wp-json\/wp\/v2\/categories?post=5349"},{"taxonomy":"post_tag","embeddable":true,"href":"https:\/\/www.segula.de\/fr\/wp-json\/wp\/v2\/tags?post=5349"},{"taxonomy":"yst_prominent_words","embeddable":true,"href":"https:\/\/www.segula.de\/fr\/wp-json\/wp\/v2\/yst_prominent_words?post=5349"}],"curies":[{"name":"wp","href":"https:\/\/api.w.org\/{rel}","templated":true}]}}