{"id":5350,"date":"2020-04-29T07:56:47","date_gmt":"2020-04-29T05:56:47","guid":{"rendered":"https:\/\/www.segula.de\/glossaire-technique-signes-et-symboles\/"},"modified":"2025-01-30T11:37:10","modified_gmt":"2025-01-30T10:37:10","slug":"glossaire-technique-signes-et-symboles","status":"publish","type":"post","link":"https:\/\/www.segula.de\/fr\/glossaire-technique-signes-et-symboles\/","title":{"rendered":"GLOSSAIRE TECHNIQUE &#8211; SIGNES ET SYMBOLES"},"content":{"rendered":"<h2>EXPLICATIONS DES SIGNES ET SYMBOLES<\/h2>\n<p>Certaines personnes se demandent certainement encore ce que signifient les symboles et les r\u00e9f\u00e9rences parfois myst\u00e9rieuses sur les emballages des luminaires et des ampoules. Pour vous aider un peu, nous avons \u00e9tabli un petit glossaire dans lequel nous expliquons les signes et symboles les plus importants.<\/p>\n<p>Certains d&rsquo;entre eux sont universels et normalis\u00e9s, ce qui signifie que chaque fabricant et revendeur doit les utiliser de la m\u00eame mani\u00e8re. D&rsquo;autres sont libres et peuvent \u00eatre repr\u00e9sent\u00e9s de la mani\u00e8re dont le fabricant interpr\u00e8te le terme.<\/p>\n<p>Bien entendu, nous avons compil\u00e9 cela et nous vous pr\u00e9sentons les symboles universels et ceux que nous utilisons chez SEGULA. Il ne peut donc pas y avoir de confusion !<\/p>\n<p>&nbsp;<\/p>\n<h3>SIGNES ET SYMBOLES TECHNIQUES<\/h3>\n<h4>Les symboles dimmable pour SEGULA :<\/h4>\n<h4><img loading=\"lazy\" decoding=\"async\" class=\"aligncenter size-full wp-image-4523\" src=\"https:\/\/www.segula.de\/wp-content\/uploads\/2020\/04\/Dimmen.jpg\" alt=\"\" width=\"900\" height=\"300\" srcset=\"https:\/\/www.segula.de\/wp-content\/uploads\/2020\/04\/Dimmen.jpg 900w, https:\/\/www.segula.de\/wp-content\/uploads\/2020\/04\/Dimmen-300x100.jpg 300w, https:\/\/www.segula.de\/wp-content\/uploads\/2020\/04\/Dimmen-768x256.jpg 768w\" sizes=\"(max-width: 900px) 100vw, 900px\" \/><\/h4>\n<ol>\n<li><span lang=\"FR-BE\">la lampe n&rsquo;est PAS dimmable<\/span><\/li>\n<li>l&rsquo;\u00e9clairage est dimmable (nous testons r\u00e9guli\u00e8rement des types de dimmers appropri\u00e9s pour vous &#8211; <a href=\"https:\/\/drive.google.com\/file\/d\/1JmR2zgHKHMdoGFs7wti2IBYNOUdb79Y3\/view\" target=\"_blank\" rel=\"noopener noreferrer\">vous pouvez les consulter et les t\u00e9l\u00e9charger ici<\/a>)<\/li>\n<li><a href=\"https:\/\/www.segula.de\/fr\/ambient-dimming\/\" target=\"_blank\" rel=\"noopener noreferrer\">l&rsquo;\u00e9clairage ambiant<\/a> &#8211; c&rsquo;est-\u00e0-dire que pendant le processus de gradation, non seulement la luminosit\u00e9 mais aussi la couleur de la lumi\u00e8re changent !<\/li>\n<\/ol>\n<p>&nbsp;<\/p>\n<h4>Comportement de la lampe &#8211; symboles SEGULA :<img loading=\"lazy\" decoding=\"async\" class=\"aligncenter size-full wp-image-4527\" src=\"https:\/\/www.segula.de\/wp-content\/uploads\/2020\/04\/Einschaltzeiten_Watt\u00e4quivalent.jpg\" alt=\"LED Leuchtmittel, LED Lampen, Symbole LED Lampen, LED Symbole, LED Verpackung Zeichen, Symbole auf Lampen Verpackung\" width=\"900\" height=\"300\" srcset=\"https:\/\/www.segula.de\/wp-content\/uploads\/2020\/04\/Einschaltzeiten_Watt\u00e4quivalent.jpg 900w, https:\/\/www.segula.de\/wp-content\/uploads\/2020\/04\/Einschaltzeiten_Watt\u00e4quivalent-300x100.jpg 300w, https:\/\/www.segula.de\/wp-content\/uploads\/2020\/04\/Einschaltzeiten_Watt\u00e4quivalent-768x256.jpg 768w\" sizes=\"(max-width: 900px) 100vw, 900px\" \/><\/h4>\n<ol>\n<li><span lang=\"FR-BE\">le temps entre l&rsquo;allumage de l&rsquo;illuminant et l\u2019obtention de 60% de luminosit\u00e9<br \/>\n<\/span><\/li>\n<li><span lang=\"FR-BE\">le d\u00e9lai entre l&rsquo;allumage de la lampe et l&rsquo;obtention d&rsquo;une luminosit\u00e9 de 100<\/span><\/li>\n<li>l&rsquo;\u00e9quivalent en watts de la LED par rapport \u00e0 une lampe \u00e0 incandescence classique<\/li>\n<\/ol>\n<p>&nbsp;<\/p>\n<h4>Caract\u00e9ristiques techniques particuli\u00e8res de SEGULA :<\/h4>\n<h4><img loading=\"lazy\" decoding=\"async\" class=\"aligncenter size-full wp-image-4531\" src=\"https:\/\/www.segula.de\/wp-content\/uploads\/2020\/04\/Winkel_Flicker_Kelvin_Skala.jpg\" alt=\"LED Leuchtmittel, LED Lampen, Symbole LED Lampen, LED Symbole, LED Verpackung Zeichen, Symbole auf Lampen Verpackung, Abstrahlwinkel, Flicker LED, Farbtemperatur Skala\" width=\"900\" height=\"300\" srcset=\"https:\/\/www.segula.de\/wp-content\/uploads\/2020\/04\/Winkel_Flicker_Kelvin_Skala.jpg 900w, https:\/\/www.segula.de\/wp-content\/uploads\/2020\/04\/Winkel_Flicker_Kelvin_Skala-300x100.jpg 300w, https:\/\/www.segula.de\/wp-content\/uploads\/2020\/04\/Winkel_Flicker_Kelvin_Skala-768x256.jpg 768w\" sizes=\"(max-width: 900px) 100vw, 900px\" \/><\/h4>\n<ol>\n<li><span lang=\"FR-BE\">l&rsquo;angle du faisceau &#8211; selon la conception de la lampe, il peut varier consid\u00e9rablement<\/span><\/li>\n<li><span lang=\"FR-BE\"><a href=\"https:\/\/www.segula.de\/fr\/le-scintillement-flickering-des-led-dou-vient-il\/\" target=\"_blank\" rel=\"noopener noreferrer\">l&rsquo;indice de scintillement (flickering)<\/a> &#8211; gr\u00e2ce \u00e0 l&rsquo;utilisation des derni\u00e8res technologies, SEGULA a r\u00e9ussi \u00e0 obtenir des illuminants presque sans scintillement.<\/span><\/li>\n<li>l&rsquo;\u00e9chelle de <a href=\"https:\/\/www.segula.de\/fr\/la-temperature-de-couleur\/\" target=\"_blank\" rel=\"noopener noreferrer\">temp\u00e9rature de couleur<\/a> &#8211; elle indique la temp\u00e9rature de couleur de l&rsquo;illuminant. Pour les lampes \u00e0 gradation ambiante, une fourchette est donn\u00e9e.<\/li>\n<\/ol>\n<p>&nbsp;<\/p>\n<h4>Certificats et sigles :<\/h4>\n<h4><img loading=\"lazy\" decoding=\"async\" class=\"aligncenter wp-image-12565 size-full\" src=\"https:\/\/www.segula.de\/wp-content\/uploads\/2020\/04\/CE_Original_Manual-1.jpg\" alt=\"\" width=\"900\" height=\"300\" srcset=\"https:\/\/www.segula.de\/wp-content\/uploads\/2020\/04\/CE_Original_Manual-1.jpg 900w, https:\/\/www.segula.de\/wp-content\/uploads\/2020\/04\/CE_Original_Manual-1-300x100.jpg 300w, https:\/\/www.segula.de\/wp-content\/uploads\/2020\/04\/CE_Original_Manual-1-768x256.jpg 768w\" sizes=\"(max-width: 900px) 100vw, 900px\" \/><\/h4>\n<ol>\n<li>CE &#8211; g\u00e9n\u00e9ralement valable : d\u00e9claration volontaire des distributeurs et des fabricants que les produits sont conformes aux lois et directives de l&rsquo;UE.<\/li>\n<li>SEGULA original : Les produits portant ce sigle sont des lampes \u00e0 technologie brevet\u00e9e \u00e0 filament souple.<\/li>\n<li><span lang=\"FR-BE\">suivre les instructions d&rsquo;utilisation avant de monter ou d&rsquo;installer une lampe.<\/span><\/li>\n<\/ol>\n<p>&nbsp;<\/p>\n<h4>Les avertissements avec SEGULA :<\/h4>\n<h4><img loading=\"lazy\" decoding=\"async\" class=\"aligncenter size-full wp-image-4539\" src=\"https:\/\/www.segula.de\/wp-content\/uploads\/2020\/04\/Warnungen.jpg\" alt=\"LED Leuchtmittel, LED Lampen, Symbole LED Lampen, LED Symbole, LED Verpackung Zeichen, Symbole auf Lampen Verpackung, Warnhinweise LED Leuchtmittel, Warnung LED Lampen, Verpackung LED Warnungen, Warnsymbole LED Verpackung\" width=\"900\" height=\"300\" srcset=\"https:\/\/www.segula.de\/wp-content\/uploads\/2020\/04\/Warnungen.jpg 900w, https:\/\/www.segula.de\/wp-content\/uploads\/2020\/04\/Warnungen-300x100.jpg 300w, https:\/\/www.segula.de\/wp-content\/uploads\/2020\/04\/Warnungen-768x256.jpg 768w\" sizes=\"(max-width: 900px) 100vw, 900px\" \/><\/h4>\n<ol>\n<li><span lang=\"FR-BE\">ne pas utiliser la lampe dans des luminaires ferm\u00e9s<\/span><\/li>\n<li><span lang=\"FR-BE\">ne pas toucher les lampes cass\u00e9es &#8211; risque de blessure<\/span><\/li>\n<li><span lang=\"FR-BE\">prot\u00e9ger l&rsquo;illuminant de l&rsquo;humidit\u00e9 &#8211; ne convient pas \u00e0 une utilisation ext\u00e9rieure<\/span><\/li>\n<\/ol>\n<p>&nbsp;<\/p>\n<h4><a href=\"https:\/\/www.segula.de\/fr\/principes-de-base-de-la-technique-declairage\/\" target=\"_blank\" rel=\"noopener noreferrer\">Classes de protection pour les luminaires<\/a> &#8211; g\u00e9n\u00e9ralement applicables :<\/h4>\n<h4><img loading=\"lazy\" decoding=\"async\" class=\"aligncenter size-full wp-image-4543\" src=\"https:\/\/www.segula.de\/wp-content\/uploads\/2020\/04\/Schutzklassen-1-3-1.jpg\" alt=\"LED Leuchtmittel, LED Lampen, Symbole LED Lampen, LED Symbole, LED Verpackung Zeichen, Symbole auf Lampen Verpackung, Schutzklasse, Schutzklassen LED, Schutzklassen Leuchten\" width=\"675\" height=\"225\" srcset=\"https:\/\/www.segula.de\/wp-content\/uploads\/2020\/04\/Schutzklassen-1-3-1.jpg 675w, https:\/\/www.segula.de\/wp-content\/uploads\/2020\/04\/Schutzklassen-1-3-1-300x100.jpg 300w\" sizes=\"(max-width: 675px) 100vw, 675px\" \/><\/h4>\n<ol>\n<li>classe de protection I : le luminaire est \u00e9quip\u00e9 d&rsquo;un c\u00e2ble de mise \u00e0 la terre<\/li>\n<li><span lang=\"FR-BE\"><span lang=\"FR-BE\">classe de protection II : le luminaire est dot\u00e9 d&rsquo;une double isolation de protection<\/span><\/span><\/li>\n<li><span lang=\"FR-BE\">classe de protection III : la lumi\u00e8re fonctionne avec une faible tension (accumulateur, batterie, solaire)<\/span><\/li>\n<\/ol>\n<p>&nbsp;<\/p>\n<h4>Symboles environnementaux &#8211; g\u00e9n\u00e9ralement valables :<\/h4>\n<h4><img loading=\"lazy\" decoding=\"async\" class=\"aligncenter size-full wp-image-4547\" src=\"https:\/\/www.segula.de\/wp-content\/uploads\/2020\/04\/Umwelt.jpg\" alt=\"LED Leuchtmittel, LED Lampen, Symbole LED Lampen, LED Symbole, LED Verpackung Zeichen, Symbole auf Lampen Verpackung, Umweltsymbole, Umweltsymbole LED Leuchtmittel, LED Leuchtmittel Umweltsymbole\" width=\"900\" height=\"300\" srcset=\"https:\/\/www.segula.de\/wp-content\/uploads\/2020\/04\/Umwelt.jpg 900w, https:\/\/www.segula.de\/wp-content\/uploads\/2020\/04\/Umwelt-300x100.jpg 300w, https:\/\/www.segula.de\/wp-content\/uploads\/2020\/04\/Umwelt-768x256.jpg 768w\" sizes=\"(max-width: 900px) 100vw, 900px\" \/><\/h4>\n<ol>\n<li>le point vert : le fabricant\/revendeur montre par la pr\u00e9sente que le produit est conforme aux directives allemandes en mati\u00e8re d&#8217;emballage.<\/li>\n<li><span lang=\"FR-BE\">les d\u00e9chets \u00e9lectriques : la lampe ne doit pas \u00eatre jet\u00e9e avec les d\u00e9chets m\u00e9nagers. Elle doit \u00eatre d\u00e9pos\u00e9e dans la collecte des d\u00e9chets \u00e9lectroniques ou dans un point de collecte.<br \/>\n<\/span><\/li>\n<li>le code de recyclage indique de quel mat\u00e9riau l&#8217;emballage est fait et d\u00e9finit ainsi le cycle de recyclage dans lequel il est retourn\u00e9. Dans ce cas, le carton ondul\u00e9 \u00ab\u00a020<\/li>\n<\/ol>\n<p>&nbsp;<\/p>\n<h4>Das EU Energielabel:<br \/>\n<img loading=\"lazy\" decoding=\"async\" class=\"aligncenter wp-image-11531 size-full\" src=\"https:\/\/www.segula.de\/wp-content\/uploads\/2023\/03\/erklaerung-energielabel.jpg\" alt=\"LED lamps, LED lamps, symbols LED lamps, LED symbols, LED packaging signs, symbols on lamp packaging, beam angle, flicker LED, color temperature scale\" width=\"900\" height=\"500\" srcset=\"https:\/\/www.segula.de\/wp-content\/uploads\/2023\/03\/erklaerung-energielabel.jpg 900w, https:\/\/www.segula.de\/wp-content\/uploads\/2023\/03\/erklaerung-energielabel-300x167.jpg 300w, https:\/\/www.segula.de\/wp-content\/uploads\/2023\/03\/erklaerung-energielabel-768x427.jpg 768w\" sizes=\"(max-width: 900px) 100vw, 900px\" \/><\/h4>\n<p>L&rsquo;\u00e9tiquette \u00e9nerg\u00e9tique de l&rsquo;UE doit figurer sur tous les emballages en circulation dans l&rsquo;UE.<\/p>\n<p>En 2021, les exigences relatives \u00e0 l&rsquo;\u00e9tiquette \u00e9nerg\u00e9tique de l&rsquo;UE seront fondamentalement modifi\u00e9es. Nous vous tiendrons bien entendu inform\u00e9s.<\/p>\n<p>En plus des signes et symboles, il y a bien s\u00fbr d&rsquo;autres informations sur l&#8217;emballage d&rsquo;une lampe LED, telles que les valeurs de lumen, la douille, la taille, la forme, etc.<\/p>\n<p>Dans la <a href=\"https:\/\/www.segula.de\/fr\/gamme-segula\/\" target=\"_blank\" rel=\"noopener noreferrer\">boutique en ligne SEGULA<\/a>, vous trouverez des lampes LED de haute qualit\u00e9 dans toutes les variations et tous les designs.<\/p>\n","protected":false},"excerpt":{"rendered":"<p>EXPLICATIONS DES SIGNES ET SYMBOLES Certaines personnes se demandent certainement encore ce que signifient les symboles et les r&eacute;f&eacute;rences parfois myst&eacute;rieuses sur les emballages des luminaires et des ampoules. Pour vous aider un peu, nous avons &eacute;tabli un petit glossaire dans lequel nous expliquons les signes et symboles les plus importants. Certains d&rsquo;entre eux sont [&hellip;]<\/p>\n","protected":false},"author":2,"featured_media":11535,"comment_status":"open","ping_status":"open","sticky":false,"template":"","format":"standard","meta":{"footnotes":""},"categories":[1196,1221,927],"tags":[1225,1200,1232,1241,1347,1202],"yst_prominent_words":[1220,719,1186],"class_list":["post-5350","post","type-post","status-publish","format-standard","has-post-thumbnail","hentry","category-connaissances-de-base-sur-le-led","category-informations-generales","category-non-classifiee","tag-connaissance-du-led","tag-eclairage-led","tag-led-fr","tag-segula-fr","tag-segula-led-fr","tag-sources-de-lumiere"],"_links":{"self":[{"href":"https:\/\/www.segula.de\/fr\/wp-json\/wp\/v2\/posts\/5350","targetHints":{"allow":["GET"]}}],"collection":[{"href":"https:\/\/www.segula.de\/fr\/wp-json\/wp\/v2\/posts"}],"about":[{"href":"https:\/\/www.segula.de\/fr\/wp-json\/wp\/v2\/types\/post"}],"author":[{"embeddable":true,"href":"https:\/\/www.segula.de\/fr\/wp-json\/wp\/v2\/users\/2"}],"replies":[{"embeddable":true,"href":"https:\/\/www.segula.de\/fr\/wp-json\/wp\/v2\/comments?post=5350"}],"version-history":[{"count":6,"href":"https:\/\/www.segula.de\/fr\/wp-json\/wp\/v2\/posts\/5350\/revisions"}],"predecessor-version":[{"id":12569,"href":"https:\/\/www.segula.de\/fr\/wp-json\/wp\/v2\/posts\/5350\/revisions\/12569"}],"wp:featuredmedia":[{"embeddable":true,"href":"https:\/\/www.segula.de\/fr\/wp-json\/wp\/v2\/media\/11535"}],"wp:attachment":[{"href":"https:\/\/www.segula.de\/fr\/wp-json\/wp\/v2\/media?parent=5350"}],"wp:term":[{"taxonomy":"category","embeddable":true,"href":"https:\/\/www.segula.de\/fr\/wp-json\/wp\/v2\/categories?post=5350"},{"taxonomy":"post_tag","embeddable":true,"href":"https:\/\/www.segula.de\/fr\/wp-json\/wp\/v2\/tags?post=5350"},{"taxonomy":"yst_prominent_words","embeddable":true,"href":"https:\/\/www.segula.de\/fr\/wp-json\/wp\/v2\/yst_prominent_words?post=5350"}],"curies":[{"name":"wp","href":"https:\/\/api.w.org\/{rel}","templated":true}]}}